{"id":95,"date":"2023-06-21T18:28:12","date_gmt":"2023-06-21T16:28:12","guid":{"rendered":"https:\/\/cine-clubsburkina.org\/?p=95"},"modified":"2023-06-21T18:28:14","modified_gmt":"2023-06-21T16:28:14","slug":"fespaco-2023-un-espace-cine-clubs-au-profit-des-cinephiles","status":"publish","type":"post","link":"https:\/\/cine-clubsburkina.org\/?p=95","title":{"rendered":"FESPACO 2023 : un espace cin\u00e9-clubs au profit des cin\u00e9philes"},"content":{"rendered":"\n<p>La f\u00e9d\u00e9ration burkinab\u00e8 des cin\u00e9-clubs (FBCC) a mis en place un espace cin\u00e9-clubs, jeunesse et promotion de la cin\u00e9philie. Cet espace vise \u00e0 favoriser l\u2019acc\u00e8s des membres des cin\u00e9-clubs et des jeunes aux films burkinab\u00e8 et africains diffus\u00e9s pendant le FESPACO 2023. La c\u00e9r\u00e9monie d\u2019ouverture dudit espace a eu lieu ce lundi 27 f\u00e9vrier 2023 \u00e0 l\u2019institut sup\u00e9rieur de l\u2019image et du son (ISIS) Ouagadougou en pr\u00e9sence de l\u2019acteur burkinab\u00e8, Hyppolite Ouangraoua.<\/p>\n\n\n\n<p>C\u2019est l\u2019institut sup\u00e9rieur de l\u2019image et du son (ISIS) de Ouagadougou qui abrite \u00ab l\u2019espace cin\u00e9-clubs, jeunesse et promotion de la cin\u00e9philie \u00bb. Cet espace est une tribune de formation et de promotion du cin\u00e9ma burkinab\u00e8, africain et d\u2019ailleurs. Il vise \u00e0 offrir aux cin\u00e9philes un cadre d\u2019acc\u00e8s aux films burkinab\u00e8 et africains diffus\u00e9s pendant le FESPACO 2023.<\/p>\n\n\n\n<p>Les initiateurs de cet espace pr\u00e9voient une visite de stands, des expositions des savoir-faire des cin\u00e9-clubs dans les matin\u00e9es. Ils envisagent \u00e9galement des projections dans la salle de conf\u00e9rence de l\u2019ISIS, dans les soir\u00e9es.<\/p>\n\n\n\n<p>Lire la suite sur <a href=\"https:\/\/www.queenmafa.net\/fespaco-2023-un-espace-cine-clubs-au-profit-des-cinephiles\/\">www.queenmafa.net<\/a><\/p>\n","protected":false},"excerpt":{"rendered":"<p>La f\u00e9d\u00e9ration burkinab\u00e8 des cin\u00e9-clubs (FBCC) a mis en place un espace cin\u00e9-clubs, jeunesse et promotion de la cin\u00e9philie. Cet espace vise \u00e0 favoriser l\u2019acc\u00e8s des membres des cin\u00e9-clubs et des jeunes aux films burkinab\u00e8 et africains diffus\u00e9s pendant le FESPACO 2023. La c\u00e9r\u00e9monie d\u2019ouverture dudit espace a eu lieu ce lundi 27 f\u00e9vrier 2023<\/p>\n","protected":false},"author":3,"featured_media":96,"comment_status":"open","ping_status":"open","sticky":false,"template":"","format":"standard","meta":{"footnotes":""},"categories":[4],"tags":[],"class_list":["post-95","post","type-post","status-publish","format-standard","has-post-thumbnail","hentry","category-presse"],"_links":{"self":[{"href":"https:\/\/cine-clubsburkina.org\/index.php?rest_route=\/wp\/v2\/posts\/95","targetHints":{"allow":["GET"]}}],"collection":[{"href":"https:\/\/cine-clubsburkina.org\/index.php?rest_route=\/wp\/v2\/posts"}],"about":[{"href":"https:\/\/cine-clubsburkina.org\/index.php?rest_route=\/wp\/v2\/types\/post"}],"author":[{"embeddable":true,"href":"https:\/\/cine-clubsburkina.org\/index.php?rest_route=\/wp\/v2\/users\/3"}],"replies":[{"embeddable":true,"href":"https:\/\/cine-clubsburkina.org\/index.php?rest_route=%2Fwp%2Fv2%2Fcomments&post=95"}],"version-history":[{"count":1,"href":"https:\/\/cine-clubsburkina.org\/index.php?rest_route=\/wp\/v2\/posts\/95\/revisions"}],"predecessor-version":[{"id":97,"href":"https:\/\/cine-clubsburkina.org\/index.php?rest_route=\/wp\/v2\/posts\/95\/revisions\/97"}],"wp:featuredmedia":[{"embeddable":true,"href":"https:\/\/cine-clubsburkina.org\/index.php?rest_route=\/wp\/v2\/media\/96"}],"wp:attachment":[{"href":"https:\/\/cine-clubsburkina.org\/index.php?rest_route=%2Fwp%2Fv2%2Fmedia&parent=95"}],"wp:term":[{"taxonomy":"category","embeddable":true,"href":"https:\/\/cine-clubsburkina.org\/index.php?rest_route=%2Fwp%2Fv2%2Fcategories&post=95"},{"taxonomy":"post_tag","embeddable":true,"href":"https:\/\/cine-clubsburkina.org\/index.php?rest_route=%2Fwp%2Fv2%2Ftags&post=95"}],"curies":[{"name":"wp","href":"https:\/\/api.w.org\/{rel}","templated":true}]}}