{"id":161,"date":"2023-06-27T10:23:24","date_gmt":"2023-06-27T08:23:24","guid":{"rendered":"https:\/\/cine-clubsburkina.org\/?p=161"},"modified":"2023-06-27T10:23:25","modified_gmt":"2023-06-27T08:23:25","slug":"federation-burkinabe-des-cine-clubs-le-projet-denomme-les-pepites-du-7e-art-est-lance","status":"publish","type":"post","link":"https:\/\/cine-clubsburkina.org\/?p=161","title":{"rendered":"F\u00e9d\u00e9ration burkinab\u00e8 des cin\u00e9-clubs : Le projet d\u00e9nomm\u00e9 \u00ab Les P\u00e9pites du 7\u00e8 art \u00bb est lanc\u00e9"},"content":{"rendered":"\n<p>Le jeudi 22 juin 2023, a eu lieu la c\u00e9r\u00e9monie de lancement de la s\u00e9rie de formation des jeunes en \u00e9criture de sc\u00e9nario et en cr\u00e9ation de d\u00e9cors et d\u2019accessoires au Burkina Faso, appel\u00e9 \u00ab les P\u00e9pites du 7\u00e8 art \u00bb. L\u2019initiative est de la F\u00e9d\u00e9ration burkinab\u00e8 des cin\u00e9-clubs, soutenue par Fonds de d\u00e9veloppement culturel et touristique qui, dans une grande ambition affich\u00e9e pour les populations burkinab\u00e8, vise \u00e0 former 10 jeunes \u00e0 des m\u00e9tiers cibl\u00e9s et porteurs. L\u2019objectif \u00e0 terme, est de mettre ces jeunes au service de la production des \u0153uvres cin\u00e9matographiques et audiovisuelles.<\/p>\n\n\n\n<p>Apporter sa contribution dans l\u2019\u00e9ducation cin\u00e9matographique des jeunes, contribuer \u00e0 l\u2019\u00e9mergence des cin\u00e9philes et futurs cin\u00e9astes au Burkina Faso, voici affich\u00e9s ici quelques-uns des objectifs poursuivis par la F\u00e9d\u00e9ration burkinab\u00e8 des cin\u00e9-clubs.<\/p>\n\n\n\n<p>Pour ce faire et dans la marche vers cet id\u00e9al trac\u00e9, cette f\u00e9d\u00e9ration a entrepris de former dix (10) jeunes dont cinq en \u00e9criture de sc\u00e9nario et cinq autres en cr\u00e9ation de d\u00e9cors et d\u2019accessoires. Ils sont tous membres des cin\u00e9-clubs du Burkina Faso. Tout ceci a \u00e9t\u00e9 rendu possible gr\u00e2ce \u00e0 un appel \u00e0 projet lanc\u00e9 par le Fonds de d\u00e9veloppement culturel et touristique burkinab\u00e8.<\/p>\n\n\n<div class=\"wp-block-image\">\n<figure class=\"aligncenter size-large\"><img loading=\"lazy\" decoding=\"async\" width=\"1024\" height=\"427\" src=\"https:\/\/cine-clubsburkina.org\/wp-content\/uploads\/2023\/06\/projet-pepites-du-7-eme-art-02-infobf-1024x427.jpg\" alt=\"\" class=\"wp-image-163\" srcset=\"https:\/\/cine-clubsburkina.org\/wp-content\/uploads\/2023\/06\/projet-pepites-du-7-eme-art-02-infobf-1024x427.jpg 1024w, https:\/\/cine-clubsburkina.org\/wp-content\/uploads\/2023\/06\/projet-pepites-du-7-eme-art-02-infobf-300x125.jpg 300w, https:\/\/cine-clubsburkina.org\/wp-content\/uploads\/2023\/06\/projet-pepites-du-7-eme-art-02-infobf-768x320.jpg 768w, https:\/\/cine-clubsburkina.org\/wp-content\/uploads\/2023\/06\/projet-pepites-du-7-eme-art-02-infobf-1536x640.jpg 1536w, https:\/\/cine-clubsburkina.org\/wp-content\/uploads\/2023\/06\/projet-pepites-du-7-eme-art-02-infobf-280x117.jpg 280w, https:\/\/cine-clubsburkina.org\/wp-content\/uploads\/2023\/06\/projet-pepites-du-7-eme-art-02-infobf-1170x488.jpg 1170w, https:\/\/cine-clubsburkina.org\/wp-content\/uploads\/2023\/06\/projet-pepites-du-7-eme-art-02-infobf.jpg 1800w\" sizes=\"auto, (max-width: 1024px) 100vw, 1024px\" \/><figcaption class=\"wp-element-caption\">Une vue des jeunes b\u00e9n\u00e9ficiaires de la formation<\/figcaption><\/figure>\n<\/div>\n\n\n<p>\u00c0 l\u2019issu de la formation, les sc\u00e9narii produits et les connaissances apprises seront mises en pratique par le tournage de cinq (5) films fictions de six (6) minutes chacun. Ces films seront produits en collaboration avec l\u2019ISSIS SE, pr\u00e9cise le pr\u00e9sident de la F\u00e9d\u00e9ration, Germain Bessin.<\/p>\n\n\n\n<p>Lire la suite sur <a href=\"https:\/\/infobf.net\/component\/k2\/item\/3218-federation-burkinabe-des-cine-clubs-le-projet-denomme-les-pepites-du-7e-art-est-lance\">infobf.net<\/a><\/p>\n","protected":false},"excerpt":{"rendered":"<p>Le jeudi 22 juin 2023, a eu lieu la c\u00e9r\u00e9monie de lancement de la s\u00e9rie de formation des jeunes en \u00e9criture de sc\u00e9nario et en cr\u00e9ation de d\u00e9cors et d\u2019accessoires au Burkina Faso, appel\u00e9 \u00ab les P\u00e9pites du 7\u00e8 art \u00bb. L\u2019initiative est de la F\u00e9d\u00e9ration burkinab\u00e8 des cin\u00e9-clubs, soutenue par Fonds de d\u00e9veloppement culturel<\/p>\n","protected":false},"author":3,"featured_media":162,"comment_status":"open","ping_status":"open","sticky":false,"template":"","format":"standard","meta":{"footnotes":""},"categories":[4],"tags":[],"class_list":["post-161","post","type-post","status-publish","format-standard","has-post-thumbnail","hentry","category-presse"],"_links":{"self":[{"href":"https:\/\/cine-clubsburkina.org\/index.php?rest_route=\/wp\/v2\/posts\/161","targetHints":{"allow":["GET"]}}],"collection":[{"href":"https:\/\/cine-clubsburkina.org\/index.php?rest_route=\/wp\/v2\/posts"}],"about":[{"href":"https:\/\/cine-clubsburkina.org\/index.php?rest_route=\/wp\/v2\/types\/post"}],"author":[{"embeddable":true,"href":"https:\/\/cine-clubsburkina.org\/index.php?rest_route=\/wp\/v2\/users\/3"}],"replies":[{"embeddable":true,"href":"https:\/\/cine-clubsburkina.org\/index.php?rest_route=%2Fwp%2Fv2%2Fcomments&post=161"}],"version-history":[{"count":1,"href":"https:\/\/cine-clubsburkina.org\/index.php?rest_route=\/wp\/v2\/posts\/161\/revisions"}],"predecessor-version":[{"id":164,"href":"https:\/\/cine-clubsburkina.org\/index.php?rest_route=\/wp\/v2\/posts\/161\/revisions\/164"}],"wp:featuredmedia":[{"embeddable":true,"href":"https:\/\/cine-clubsburkina.org\/index.php?rest_route=\/wp\/v2\/media\/162"}],"wp:attachment":[{"href":"https:\/\/cine-clubsburkina.org\/index.php?rest_route=%2Fwp%2Fv2%2Fmedia&parent=161"}],"wp:term":[{"taxonomy":"category","embeddable":true,"href":"https:\/\/cine-clubsburkina.org\/index.php?rest_route=%2Fwp%2Fv2%2Fcategories&post=161"},{"taxonomy":"post_tag","embeddable":true,"href":"https:\/\/cine-clubsburkina.org\/index.php?rest_route=%2Fwp%2Fv2%2Ftags&post=161"}],"curies":[{"name":"wp","href":"https:\/\/api.w.org\/{rel}","templated":true}]}}