{"id":112,"date":"2023-06-21T19:08:05","date_gmt":"2023-06-21T17:08:05","guid":{"rendered":"https:\/\/cine-clubsburkina.org\/?p=112"},"modified":"2023-06-21T19:31:15","modified_gmt":"2023-06-21T17:31:15","slug":"commune-de-koupela-des-jeunes-des-cine-clubs-du-burkina-a-lecole-du-cinema","status":"publish","type":"post","link":"https:\/\/cine-clubsburkina.org\/?p=112","title":{"rendered":"Commune de Koup\u00e9la : Des jeunes des cin\u00e9-clubs du Burkina \u00e0 l\u2019\u00e9cole du cin\u00e9ma"},"content":{"rendered":"\n<p>Dans le cadre de la 1\u00e8re \u00e9dition des \u00a0\u00bb Rencontres de cr\u00e9ations Audiovisuelles \u00a0\u00bb qui se d\u00e9roulent du 27 au 31 mars 2023 dans la commune de Koup\u00e9la, la F\u00e9d\u00e9ration Burkinab\u00e8 des Cin\u00e9-Clubs (FBCC) et l\u2019Association Cin\u00e9ma et D\u00e9veloppement Local organisent une s\u00e9rie de formation sur l\u2019\u00e9criture de sc\u00e9nario, la cr\u00e9ation de d\u00e9cors et d\u2019accessoires, le jeu d\u2019acteur, le maquillage cin\u00e9ma, le son et l\u2019image.<\/p>\n\n\n\n<p>Ils sont une vingtaine de jeunes, membres des cin\u00e9-clubs de Boromo, D\u00e9dougou, Koudougou, Kaya, Ziniar\u00e9, Ouagadougou, venus rejoindre une trentaine de jeunes de Koup\u00e9la afin de participer aux diff\u00e9rents modules de formation.<\/p>\n\n\n\n<p>Cette session initi\u00e9e par la F\u00e9d\u00e9ration Burkinab\u00e8 des Cin\u00e9-Clubs et l\u2019Association Cin\u00e9ma et D\u00e9veloppement Local a pour objectif selon la Secr\u00e9taire G\u00e9n\u00e9rale de la FBCC, Rachelle Som\u00e9, de renforcer les capacit\u00e9s des membres des cin\u00e9-clubs dans les corps de m\u00e9tier que sont le sc\u00e9nario et les d\u00e9cors et accessoires.<\/p>\n\n\n\n<p>Lire la suite sur <a href=\"https:\/\/www.infobf.net\/component\/k2\/item\/3046-commune-de-koupela-des-jeunes-des-cine-clubs-du-burkina-a-l-ecole-du-cinema\">www.infobf.net<\/a><\/p>\n","protected":false},"excerpt":{"rendered":"<p>Dans le cadre de la 1\u00e8re \u00e9dition des \u00a0\u00bb Rencontres de cr\u00e9ations Audiovisuelles \u00a0\u00bb qui se d\u00e9roulent du 27 au 31 mars 2023 dans la commune de Koup\u00e9la, la F\u00e9d\u00e9ration Burkinab\u00e8 des Cin\u00e9-Clubs (FBCC) et l\u2019Association Cin\u00e9ma et D\u00e9veloppement Local organisent une s\u00e9rie de formation sur l\u2019\u00e9criture de sc\u00e9nario, la cr\u00e9ation de d\u00e9cors et d\u2019accessoires,<\/p>\n","protected":false},"author":3,"featured_media":116,"comment_status":"open","ping_status":"open","sticky":false,"template":"","format":"standard","meta":{"footnotes":""},"categories":[4],"tags":[],"class_list":["post-112","post","type-post","status-publish","format-standard","has-post-thumbnail","hentry","category-presse"],"_links":{"self":[{"href":"https:\/\/cine-clubsburkina.org\/index.php?rest_route=\/wp\/v2\/posts\/112","targetHints":{"allow":["GET"]}}],"collection":[{"href":"https:\/\/cine-clubsburkina.org\/index.php?rest_route=\/wp\/v2\/posts"}],"about":[{"href":"https:\/\/cine-clubsburkina.org\/index.php?rest_route=\/wp\/v2\/types\/post"}],"author":[{"embeddable":true,"href":"https:\/\/cine-clubsburkina.org\/index.php?rest_route=\/wp\/v2\/users\/3"}],"replies":[{"embeddable":true,"href":"https:\/\/cine-clubsburkina.org\/index.php?rest_route=%2Fwp%2Fv2%2Fcomments&post=112"}],"version-history":[{"count":1,"href":"https:\/\/cine-clubsburkina.org\/index.php?rest_route=\/wp\/v2\/posts\/112\/revisions"}],"predecessor-version":[{"id":114,"href":"https:\/\/cine-clubsburkina.org\/index.php?rest_route=\/wp\/v2\/posts\/112\/revisions\/114"}],"wp:featuredmedia":[{"embeddable":true,"href":"https:\/\/cine-clubsburkina.org\/index.php?rest_route=\/wp\/v2\/media\/116"}],"wp:attachment":[{"href":"https:\/\/cine-clubsburkina.org\/index.php?rest_route=%2Fwp%2Fv2%2Fmedia&parent=112"}],"wp:term":[{"taxonomy":"category","embeddable":true,"href":"https:\/\/cine-clubsburkina.org\/index.php?rest_route=%2Fwp%2Fv2%2Fcategories&post=112"},{"taxonomy":"post_tag","embeddable":true,"href":"https:\/\/cine-clubsburkina.org\/index.php?rest_route=%2Fwp%2Fv2%2Ftags&post=112"}],"curies":[{"name":"wp","href":"https:\/\/api.w.org\/{rel}","templated":true}]}}